{"id":7435,"date":"2022-07-05T10:02:50","date_gmt":"2022-07-05T08:02:50","guid":{"rendered":"https:\/\/minus-editions.fr\/bonus\/?p=7435"},"modified":"2022-07-05T11:19:15","modified_gmt":"2022-07-05T09:19:15","slug":"pour-nos-10-ans-on-gate-les-enfants-nes-en-2012","status":"publish","type":"post","link":"https:\/\/minus-editions.fr\/bonus\/pour-nos-10-ans-on-gate-les-enfants-nes-en-2012\/","title":{"rendered":"POUR NOS 10 ANS, ON G\u00c2TE LES ENFANTS N\u00c9S EN 2012 !"},"content":{"rendered":"<p>On sait, on ne les fait pas !!! Mais oui, en cette ann\u00e9e 2022, nous avons 10 ans&#8230;<\/p>\n<p>Et pour f\u00eater \u00e7a dignement, nous allons g\u00e2ter les enfants n\u00e9s en 2012 comme nous !<\/p>\n<h2><strong><span style=\"color: #ec8779;\">Les 100 premiers ENFANTS DE 10 ANS<\/span><\/strong> vont recevoir le Minus de leur choix\u00a0!<\/h2>\n<p>Comment \u00e7a fonctionne tout \u00e7a ? Chaque enfant n\u00e9 en 2012 peut participer en envoyant un mail, sous le contr\u00f4le d&#8217;un adulte responsable, sur 10ans@minus-editions.fr avec :<\/p>\n<ul>\n<li>copie de sa pi\u00e8ce d&#8217;identit\u00e9 <em>(pour prouver son \u00e2ge sinon, c&#8217;est trop fastoche !)<\/em><\/li>\n<li>ses coordonn\u00e9es postales compl\u00e8tes <em>(comme \u00e7a le facteur vous trouve bien)<\/em><\/li>\n<li>le choix du produit Minus souhait\u00e9 <em>(parce que nous, on les aime tous alors \u00e0 vous de choisir !)<\/em><\/li>\n<li>une sympathique photo de l&#8217;enfant arborant la petite carte \u00e0 t\u00e9l\u00e9charger <a href=\"https:\/\/minus-editions.fr\/bonus\/wp-content\/uploads\/2022\/07\/ALLPANCARTE.pdf\" target=\"_blank\" rel=\"noopener\"><strong>ICI<\/strong><\/a> et \u00e0 imprimer en A5 ou en A4 ou tout autre petit message sympa pour l&#8217;anniversaire de Minus (la cr\u00e9ativit\u00e9 est la bienvenue). <em>Cette photo pourra \u00eatre relay\u00e9e en story sur nos r\u00e9seaux sociaux et sur notre blog alors soignez-la !!<\/em><\/li>\n<li>Les 100 premiers mails re\u00e7us gagneront donc le produit choisi&#8230; <em>go go go, plus une minute \u00e0 perdre !!<\/em><\/li>\n<\/ul>\n<h2>Et <strong><span style=\"color: #ec8779;\">1 SUPER GAGNANT<\/span> <\/strong>recevra un bon d&#8217;achat lui permettant d&#8217;inviter sa famille lors d&#8217;un s\u00e9jour dans les 5 \u00e9co-domaines <strong><span style=\"color: #ec8779;\"><a style=\"color: #ec8779;\" href=\"https:\/\/www.coucoo.com\/\" target=\"_blank\" rel=\"noopener\">COUCOO<\/a><\/span><\/strong><\/h2>\n<p>Parmi tous les mails re\u00e7us avant le 31 d\u00e9cembre 2022, nous tirerons au sort un super gagnant et nous lui offrirons un bon cadeau de 650 euros \u00e0 d\u00e9penser chez Coucoo, les magnifiques cabanes. Ce sera un super week-end en famille en perspective !<\/p>\n<a href=\"https:\/\/minus-editions.fr\/bonus\/wp-content\/uploads\/2022\/07\/10-ans-V1.pdf\" class=\"btn\">JE TELECHARGE LA CARTE 1<\/a>\n<a href=\"https:\/\/minus-editions.fr\/bonus\/wp-content\/uploads\/2022\/07\/10-ans-V2.pdf\" class=\"btn\">JE TELECHARGE LA CARTE 2<\/a>\n<a href=\"https:\/\/minus-editions.fr\/bonus\/wp-content\/uploads\/2022\/07\/10-ans-V3.pdf\" class=\"btn\">JE TELECHARGE LA CARTE 3<\/a>\n<p>&nbsp;<\/p>\n<p><img loading=\"lazy\" decoding=\"async\" width=\"797\" height=\"800\" class=\"alignnone size-medium wp-image-7460\" src=\"https:\/\/minus-editions.fr\/bonus\/wp-content\/uploads\/2022\/07\/IMG_4088-797x800.jpg\" alt=\"\" srcset=\"https:\/\/minus-editions.fr\/bonus\/wp-content\/uploads\/2022\/07\/IMG_4088-797x800.jpg 797w, https:\/\/minus-editions.fr\/bonus\/wp-content\/uploads\/2022\/07\/IMG_4088-1195x1200.jpg 1195w, https:\/\/minus-editions.fr\/bonus\/wp-content\/uploads\/2022\/07\/IMG_4088-350x350.jpg 350w, https:\/\/minus-editions.fr\/bonus\/wp-content\/uploads\/2022\/07\/IMG_4088-768x771.jpg 768w, https:\/\/minus-editions.fr\/bonus\/wp-content\/uploads\/2022\/07\/IMG_4088-1530x1536.jpg 1530w, https:\/\/minus-editions.fr\/bonus\/wp-content\/uploads\/2022\/07\/IMG_4088-2040x2048.jpg 2040w, https:\/\/minus-editions.fr\/bonus\/wp-content\/uploads\/2022\/07\/IMG_4088-scaled.jpg 1992w\" sizes=\"(max-width: 797px) 100vw, 797px\" \/><\/p>\n<p>&nbsp;<\/p>\n<p>Le r\u00e8glement complet du jeu est disponible <a href=\"https:\/\/minus-editions.fr\/bonus\/wp-content\/uploads\/2022\/07\/Re\u0300glement-jeu-concours.pdf\" target=\"_blank\" rel=\"noopener\">ici<\/a><\/p>\n","protected":false},"excerpt":{"rendered":"<p>On sait, on ne les fait pas !!! Mais oui, en cette ann\u00e9e 2022, nous avons 10 ans&#8230; Et pour f\u00eater \u00e7a dignement, nous allons g\u00e2ter les enfants n\u00e9s en 2012 comme nous ! Les 100 premiers ENFANTS DE 10 ANS vont recevoir le Minus de leur choix\u00a0! Comment \u00e7a fonctionne tout \u00e7a ? Chaque [&hellip;]<\/p>\n","protected":false},"author":2,"featured_media":7453,"comment_status":"closed","ping_status":"closed","sticky":false,"template":"","format":"standard","meta":{"footnotes":""},"categories":[17,13,4],"yoast_head":"<!-- This site is optimized with the Yoast SEO plugin v16.4 - https:\/\/yoast.com\/wordpress\/plugins\/seo\/ -->\n<meta name=\"robots\" content=\"index, follow, max-snippet:-1, max-image-preview:large, max-video-preview:-1\" \/>\n<link rel=\"canonical\" href=\"https:\/\/minus-editions.fr\/bonus\/pour-nos-10-ans-on-gate-les-enfants-nes-en-2012\/\" \/>\n<meta property=\"og:locale\" content=\"fr_FR\" \/>\n<meta property=\"og:type\" content=\"article\" \/>\n<meta property=\"og:title\" content=\"POUR NOS 10 ANS, ON G\u00c2TE LES ENFANTS N\u00c9S EN 2012 ! &bull; Minus Editions\" \/>\n<meta property=\"og:description\" content=\"On sait, on ne les fait pas !!! Mais oui, en cette ann\u00e9e 2022, nous avons 10 ans&#8230; Et pour f\u00eater \u00e7a dignement, nous allons g\u00e2ter les enfants n\u00e9s en 2012 comme nous ! Les 100 premiers ENFANTS DE 10 ANS vont recevoir le Minus de leur choix\u00a0! Comment \u00e7a fonctionne tout \u00e7a ? Chaque [&hellip;]\" \/>\n<meta property=\"og:url\" content=\"https:\/\/minus-editions.fr\/bonus\/pour-nos-10-ans-on-gate-les-enfants-nes-en-2012\/\" \/>\n<meta property=\"og:site_name\" content=\"Minus Editions\" \/>\n<meta property=\"article:published_time\" content=\"2022-07-05T08:02:50+00:00\" \/>\n<meta property=\"article:modified_time\" content=\"2022-07-05T09:19:15+00:00\" \/>\n<meta property=\"og:image\" content=\"https:\/\/minus-editions.fr\/bonus\/wp-content\/uploads\/2022\/07\/BANNIERE-BLOG-10ANS2_Plan-de-travail-1-copie-7.png\" \/>\n\t<meta property=\"og:image:width\" content=\"2334\" \/>\n\t<meta property=\"og:image:height\" content=\"1251\" \/>\n<meta name=\"twitter:card\" content=\"summary_large_image\" \/>\n<meta name=\"twitter:label1\" content=\"Dur\u00e9e de lecture est.\" \/>\n\t<meta name=\"twitter:data1\" content=\"2 minutes\" \/>\n<script type=\"application\/ld+json\" class=\"yoast-schema-graph\">{\"@context\":\"https:\/\/schema.org\",\"@graph\":[{\"@type\":\"Organization\",\"@id\":\"https:\/\/minus-editions.fr\/bonus\/#organization\",\"name\":\"Minus Editions\",\"url\":\"https:\/\/minus-editions.fr\/bonus\/\",\"sameAs\":[],\"logo\":{\"@type\":\"ImageObject\",\"@id\":\"https:\/\/minus-editions.fr\/bonus\/#logo\",\"inLanguage\":\"fr-FR\",\"url\":\"https:\/\/minus-editions.fr\/bonus\/wp-content\/uploads\/2021\/06\/logo-bulle.png\",\"contentUrl\":\"https:\/\/minus-editions.fr\/bonus\/wp-content\/uploads\/2021\/06\/logo-bulle.png\",\"width\":839,\"height\":838,\"caption\":\"Minus Editions\"},\"image\":{\"@id\":\"https:\/\/minus-editions.fr\/bonus\/#logo\"}},{\"@type\":\"WebSite\",\"@id\":\"https:\/\/minus-editions.fr\/bonus\/#website\",\"url\":\"https:\/\/minus-editions.fr\/bonus\/\",\"name\":\"Minus Editions\",\"description\":\"Un site utilisant WordPress\",\"publisher\":{\"@id\":\"https:\/\/minus-editions.fr\/bonus\/#organization\"},\"potentialAction\":[{\"@type\":\"SearchAction\",\"target\":\"https:\/\/minus-editions.fr\/bonus\/?s={search_term_string}\",\"query-input\":\"required name=search_term_string\"}],\"inLanguage\":\"fr-FR\"},{\"@type\":\"ImageObject\",\"@id\":\"https:\/\/minus-editions.fr\/bonus\/pour-nos-10-ans-on-gate-les-enfants-nes-en-2012\/#primaryimage\",\"inLanguage\":\"fr-FR\",\"url\":\"https:\/\/minus-editions.fr\/bonus\/wp-content\/uploads\/2022\/07\/BANNIERE-BLOG-10ANS2_Plan-de-travail-1-copie-7.png\",\"contentUrl\":\"https:\/\/minus-editions.fr\/bonus\/wp-content\/uploads\/2022\/07\/BANNIERE-BLOG-10ANS2_Plan-de-travail-1-copie-7.png\",\"width\":2334,\"height\":1251},{\"@type\":\"WebPage\",\"@id\":\"https:\/\/minus-editions.fr\/bonus\/pour-nos-10-ans-on-gate-les-enfants-nes-en-2012\/#webpage\",\"url\":\"https:\/\/minus-editions.fr\/bonus\/pour-nos-10-ans-on-gate-les-enfants-nes-en-2012\/\",\"name\":\"POUR NOS 10 ANS, ON G\\u00c2TE LES ENFANTS N\\u00c9S EN 2012 ! &bull; Minus Editions\",\"isPartOf\":{\"@id\":\"https:\/\/minus-editions.fr\/bonus\/#website\"},\"primaryImageOfPage\":{\"@id\":\"https:\/\/minus-editions.fr\/bonus\/pour-nos-10-ans-on-gate-les-enfants-nes-en-2012\/#primaryimage\"},\"datePublished\":\"2022-07-05T08:02:50+00:00\",\"dateModified\":\"2022-07-05T09:19:15+00:00\",\"breadcrumb\":{\"@id\":\"https:\/\/minus-editions.fr\/bonus\/pour-nos-10-ans-on-gate-les-enfants-nes-en-2012\/#breadcrumb\"},\"inLanguage\":\"fr-FR\",\"potentialAction\":[{\"@type\":\"ReadAction\",\"target\":[\"https:\/\/minus-editions.fr\/bonus\/pour-nos-10-ans-on-gate-les-enfants-nes-en-2012\/\"]}]},{\"@type\":\"BreadcrumbList\",\"@id\":\"https:\/\/minus-editions.fr\/bonus\/pour-nos-10-ans-on-gate-les-enfants-nes-en-2012\/#breadcrumb\",\"itemListElement\":[{\"@type\":\"ListItem\",\"position\":1,\"item\":{\"@type\":\"WebPage\",\"@id\":\"https:\/\/minus-editions.fr\/bonus\/\",\"url\":\"https:\/\/minus-editions.fr\/bonus\/\",\"name\":\"Accueil\"}},{\"@type\":\"ListItem\",\"position\":2,\"item\":{\"@id\":\"https:\/\/minus-editions.fr\/bonus\/pour-nos-10-ans-on-gate-les-enfants-nes-en-2012\/#webpage\"}}]},{\"@type\":\"Article\",\"@id\":\"https:\/\/minus-editions.fr\/bonus\/pour-nos-10-ans-on-gate-les-enfants-nes-en-2012\/#article\",\"isPartOf\":{\"@id\":\"https:\/\/minus-editions.fr\/bonus\/pour-nos-10-ans-on-gate-les-enfants-nes-en-2012\/#webpage\"},\"author\":{\"@id\":\"https:\/\/minus-editions.fr\/bonus\/#\/schema\/person\/59a08b2524a59cdaee00826eb5e7e07f\"},\"headline\":\"POUR NOS 10 ANS, ON G\\u00c2TE LES ENFANTS N\\u00c9S EN 2012 !\",\"datePublished\":\"2022-07-05T08:02:50+00:00\",\"dateModified\":\"2022-07-05T09:19:15+00:00\",\"mainEntityOfPage\":{\"@id\":\"https:\/\/minus-editions.fr\/bonus\/pour-nos-10-ans-on-gate-les-enfants-nes-en-2012\/#webpage\"},\"wordCount\":317,\"publisher\":{\"@id\":\"https:\/\/minus-editions.fr\/bonus\/#organization\"},\"image\":{\"@id\":\"https:\/\/minus-editions.fr\/bonus\/pour-nos-10-ans-on-gate-les-enfants-nes-en-2012\/#primaryimage\"},\"thumbnailUrl\":\"https:\/\/minus-editions.fr\/bonus\/wp-content\/uploads\/2022\/07\/BANNIERE-BLOG-10ANS2_Plan-de-travail-1-copie-7.png\",\"articleSection\":[\"ACTUS MINUS\",\"BONS PLANS\",\"MINUS\"],\"inLanguage\":\"fr-FR\"},{\"@type\":\"Person\",\"@id\":\"https:\/\/minus-editions.fr\/bonus\/#\/schema\/person\/59a08b2524a59cdaee00826eb5e7e07f\",\"name\":\"Minus\"}]}<\/script>\n<!-- \/ Yoast SEO plugin. -->","_links":{"self":[{"href":"https:\/\/minus-editions.fr\/bonus\/wp-json\/wp\/v2\/posts\/7435"}],"collection":[{"href":"https:\/\/minus-editions.fr\/bonus\/wp-json\/wp\/v2\/posts"}],"about":[{"href":"https:\/\/minus-editions.fr\/bonus\/wp-json\/wp\/v2\/types\/post"}],"author":[{"embeddable":true,"href":"https:\/\/minus-editions.fr\/bonus\/wp-json\/wp\/v2\/users\/2"}],"replies":[{"embeddable":true,"href":"https:\/\/minus-editions.fr\/bonus\/wp-json\/wp\/v2\/comments?post=7435"}],"version-history":[{"count":18,"href":"https:\/\/minus-editions.fr\/bonus\/wp-json\/wp\/v2\/posts\/7435\/revisions"}],"predecessor-version":[{"id":7461,"href":"https:\/\/minus-editions.fr\/bonus\/wp-json\/wp\/v2\/posts\/7435\/revisions\/7461"}],"wp:featuredmedia":[{"embeddable":true,"href":"https:\/\/minus-editions.fr\/bonus\/wp-json\/wp\/v2\/media\/7453"}],"wp:attachment":[{"href":"https:\/\/minus-editions.fr\/bonus\/wp-json\/wp\/v2\/media?parent=7435"}],"wp:term":[{"taxonomy":"category","embeddable":true,"href":"https:\/\/minus-editions.fr\/bonus\/wp-json\/wp\/v2\/categories?post=7435"}],"curies":[{"name":"wp","href":"https:\/\/api.w.org\/{rel}","templated":true}]}}