{"id":6584,"date":"2019-04-11T09:45:07","date_gmt":"2019-04-11T07:45:07","guid":{"rendered":"http:\/\/www.minus-editions.fr\/bonus\/?p=6584"},"modified":"2021-06-29T14:24:41","modified_gmt":"2021-06-29T12:24:41","slug":"nadege-et-salome","status":"publish","type":"post","link":"https:\/\/minus-editions.fr\/bonus\/nadege-et-salome\/","title":{"rendered":"T\u00c9MOIGNAGE : Nad\u00e8ge et Salom\u00e9"},"content":{"rendered":"<p>On tr\u00e9pignait \u00e0 l\u2019id\u00e9e de vous montrer ce projet alors\u2026 tadam ! Une campagne <a href=\"https:\/\/www.minus-editions.fr\" target=\"_blank\" rel=\"noopener\">Minus<\/a> avec des vraies familles qui racontent leur exp\u00e9rience avec nos Minus. P\u00e8re\/fils, m\u00e8re\/fille, grand-parent\/petit-enfant, tout le monde est repr\u00e9sent\u00e9 !\u00a0 \u00a0\ud83d\udc76\ud83c\udffc\ud83e\uddd2\ud83c\udffd\ud83d\udc67\ud83c\udffc\ud83e\uddd4\ud83c\udffe\ud83d\udc69\ud83c\udffb\u200d\ud83e\uddb0\ud83d\udc75\ud83c\udffb\ud83d\udc74\ud83c\udffc<\/p>\n<p>On commence avec Nad\u00e8ge et Salom\u00e9 qui nous racontent leur exp\u00e9rience \u00e0 remplir notre Minus\u00a0<em><a href=\"https:\/\/www.minus-editions.fr\/livres-a-completer\/26-telle-mere-telle-fille-cahier-merefille-9791091757232.html#\/langue-francais\" target=\"_blank\" rel=\"noopener\">Telle m\u00e8re, telle fille<\/a><\/em> :<\/p>\n<blockquote><p>En offrant \u00ab <em>Telle m\u00e8re, telle fille<\/em>\u00bb \u00e0 Salom\u00e9, je me suis dit qu\u2019elle me prendrait pour une grosse ringarde et que je pouvais r\u00eaver pour qu\u2019on le remplisse ensemble. R\u00e9sultat ? On l\u2019a d\u00e9vor\u00e9 en une soir\u00e9e et maintenant, elle n\u2019a plus aucun scrupule \u00e0 me piquer des fringues&#8230; merci Minus ?<\/p><\/blockquote>\n<p><img loading=\"lazy\" decoding=\"async\" width=\"798\" height=\"800\" class=\"alignnone size-medium wp-image-7135\" src=\"https:\/\/minus-editions.fr\/bonus\/wp-content\/uploads\/2019\/04\/21-Telle-Mere-Telle-Fille-12-798x800.jpg\" alt=\"\" srcset=\"https:\/\/minus-editions.fr\/bonus\/wp-content\/uploads\/2019\/04\/21-Telle-Mere-Telle-Fille-12-798x800.jpg 798w, https:\/\/minus-editions.fr\/bonus\/wp-content\/uploads\/2019\/04\/21-Telle-Mere-Telle-Fille-12-350x350.jpg 350w, https:\/\/minus-editions.fr\/bonus\/wp-content\/uploads\/2019\/04\/21-Telle-Mere-Telle-Fille-12-768x770.jpg 768w, https:\/\/minus-editions.fr\/bonus\/wp-content\/uploads\/2019\/04\/21-Telle-Mere-Telle-Fille-12.jpg 940w\" sizes=\"(max-width: 798px) 100vw, 798px\" \/><\/p>\n<p>Depuis 2012, nous recevons r\u00e9guli\u00e8rement de tr\u00e8s beaux t\u00e9moignages de m\u00e8res et filles ayant pass\u00e9 un moment unique avec nos livres \u00e0 remplir Minus. Nous \u00e9tions heureux de partager celui-ci avec vous.<\/p>\n\n<article class=\"product\">\n\n    <img decoding=\"async\" src=\"https:\/\/www.minus-editions.fr\/1248-thickbox_default\/img.jpg\" alt=\"Image du produit  TELLE M\u00c8RE TELLE FILLE ?  Livre \u00e0 remplir \u00e0 2\">\n\n    <div>\n        <h3>TELLE M\u00c8RE TELLE FILLE ?<br><small>Livre \u00e0 remplir \u00e0 2<\/h3><\/small><\/h3>        <span>12.90\u20ac<\/span>\n        <a href=\"https:\/\/www.minus-editions.fr\/les-livres-a-partager\/26-telle-mere-telle-fille-cahier-merefille-9791091757232.html\" title=\"Lien vers le produit TELLE M\u00c8RE TELLE FILLE ?  Livre \u00e0 remplir \u00e0 2\" class=\"btn\">Je veux en savoir plus !<\/a>\n    <\/div>\n\n<\/article>\n\n","protected":false},"excerpt":{"rendered":"<p>\u00ab\u00a0En offrant &#8220;Telle m\u00e8re, telle fille&#8221; \u00e0 Salom\u00e9, je me suis dit que je pouvais r\u00eaver pour qu\u2019on le remplisse ensemble. R\u00e9sultat ? On l\u2019a d\u00e9vor\u00e9 en une soir\u00e9e \u00bb<\/p>\n","protected":false},"author":2,"featured_media":6585,"comment_status":"closed","ping_status":"closed","sticky":false,"template":"","format":"standard","meta":{"footnotes":""},"categories":[17,14],"yoast_head":"<!-- This site is optimized with the Yoast SEO plugin v16.4 - https:\/\/yoast.com\/wordpress\/plugins\/seo\/ -->\n<meta name=\"description\" content=\"Un t\u00e9moignage d&#039;une m\u00e8re et de sa fille apr\u00e8s avoir remplies notre livre \u00e0 compl\u00e9ter Minus : Telle m\u00e8re, telle fille.\" \/>\n<meta name=\"robots\" content=\"index, follow, max-snippet:-1, max-image-preview:large, max-video-preview:-1\" \/>\n<link rel=\"canonical\" href=\"https:\/\/minus-editions.fr\/bonus\/nadege-et-salome\/\" \/>\n<meta property=\"og:locale\" content=\"fr_FR\" \/>\n<meta property=\"og:type\" content=\"article\" \/>\n<meta property=\"og:title\" content=\"T\u00c9MOIGNAGE : Nad\u00e8ge et Salom\u00e9 &bull; Minus Editions\" \/>\n<meta property=\"og:description\" content=\"Un t\u00e9moignage d&#039;une m\u00e8re et de sa fille apr\u00e8s avoir remplies notre livre \u00e0 compl\u00e9ter Minus : Telle m\u00e8re, telle fille.\" \/>\n<meta property=\"og:url\" content=\"https:\/\/minus-editions.fr\/bonus\/nadege-et-salome\/\" \/>\n<meta property=\"og:site_name\" content=\"Minus Editions\" \/>\n<meta property=\"article:published_time\" content=\"2019-04-11T07:45:07+00:00\" \/>\n<meta property=\"article:modified_time\" content=\"2021-06-29T12:24:41+00:00\" \/>\n<meta property=\"og:image\" content=\"https:\/\/minus-editions.fr\/bonus\/wp-content\/uploads\/2019\/09\/1.jpg\" \/>\n\t<meta property=\"og:image:width\" content=\"2000\" \/>\n\t<meta property=\"og:image:height\" content=\"2000\" \/>\n<meta name=\"twitter:card\" content=\"summary_large_image\" \/>\n<meta name=\"twitter:label1\" content=\"Dur\u00e9e de lecture est.\" \/>\n\t<meta name=\"twitter:data1\" content=\"1 minute\" \/>\n<script type=\"application\/ld+json\" class=\"yoast-schema-graph\">{\"@context\":\"https:\/\/schema.org\",\"@graph\":[{\"@type\":\"Organization\",\"@id\":\"https:\/\/minus-editions.fr\/bonus\/#organization\",\"name\":\"Minus Editions\",\"url\":\"https:\/\/minus-editions.fr\/bonus\/\",\"sameAs\":[],\"logo\":{\"@type\":\"ImageObject\",\"@id\":\"https:\/\/minus-editions.fr\/bonus\/#logo\",\"inLanguage\":\"fr-FR\",\"url\":\"https:\/\/minus-editions.fr\/bonus\/wp-content\/uploads\/2021\/06\/logo-bulle.png\",\"contentUrl\":\"https:\/\/minus-editions.fr\/bonus\/wp-content\/uploads\/2021\/06\/logo-bulle.png\",\"width\":839,\"height\":838,\"caption\":\"Minus Editions\"},\"image\":{\"@id\":\"https:\/\/minus-editions.fr\/bonus\/#logo\"}},{\"@type\":\"WebSite\",\"@id\":\"https:\/\/minus-editions.fr\/bonus\/#website\",\"url\":\"https:\/\/minus-editions.fr\/bonus\/\",\"name\":\"Minus Editions\",\"description\":\"Un site utilisant WordPress\",\"publisher\":{\"@id\":\"https:\/\/minus-editions.fr\/bonus\/#organization\"},\"potentialAction\":[{\"@type\":\"SearchAction\",\"target\":\"https:\/\/minus-editions.fr\/bonus\/?s={search_term_string}\",\"query-input\":\"required name=search_term_string\"}],\"inLanguage\":\"fr-FR\"},{\"@type\":\"ImageObject\",\"@id\":\"https:\/\/minus-editions.fr\/bonus\/nadege-et-salome\/#primaryimage\",\"inLanguage\":\"fr-FR\",\"url\":\"https:\/\/minus-editions.fr\/bonus\/wp-content\/uploads\/2019\/09\/1.jpg\",\"contentUrl\":\"https:\/\/minus-editions.fr\/bonus\/wp-content\/uploads\/2019\/09\/1.jpg\",\"width\":2000,\"height\":2000},{\"@type\":\"WebPage\",\"@id\":\"https:\/\/minus-editions.fr\/bonus\/nadege-et-salome\/#webpage\",\"url\":\"https:\/\/minus-editions.fr\/bonus\/nadege-et-salome\/\",\"name\":\"T\\u00c9MOIGNAGE : Nad\\u00e8ge et Salom\\u00e9 &bull; Minus Editions\",\"isPartOf\":{\"@id\":\"https:\/\/minus-editions.fr\/bonus\/#website\"},\"primaryImageOfPage\":{\"@id\":\"https:\/\/minus-editions.fr\/bonus\/nadege-et-salome\/#primaryimage\"},\"datePublished\":\"2019-04-11T07:45:07+00:00\",\"dateModified\":\"2021-06-29T12:24:41+00:00\",\"description\":\"Un t\\u00e9moignage d'une m\\u00e8re et de sa fille apr\\u00e8s avoir remplies notre livre \\u00e0 compl\\u00e9ter Minus : Telle m\\u00e8re, telle fille.\",\"breadcrumb\":{\"@id\":\"https:\/\/minus-editions.fr\/bonus\/nadege-et-salome\/#breadcrumb\"},\"inLanguage\":\"fr-FR\",\"potentialAction\":[{\"@type\":\"ReadAction\",\"target\":[\"https:\/\/minus-editions.fr\/bonus\/nadege-et-salome\/\"]}]},{\"@type\":\"BreadcrumbList\",\"@id\":\"https:\/\/minus-editions.fr\/bonus\/nadege-et-salome\/#breadcrumb\",\"itemListElement\":[{\"@type\":\"ListItem\",\"position\":1,\"item\":{\"@type\":\"WebPage\",\"@id\":\"https:\/\/minus-editions.fr\/bonus\/\",\"url\":\"https:\/\/minus-editions.fr\/bonus\/\",\"name\":\"Accueil\"}},{\"@type\":\"ListItem\",\"position\":2,\"item\":{\"@id\":\"https:\/\/minus-editions.fr\/bonus\/nadege-et-salome\/#webpage\"}}]},{\"@type\":\"Article\",\"@id\":\"https:\/\/minus-editions.fr\/bonus\/nadege-et-salome\/#article\",\"isPartOf\":{\"@id\":\"https:\/\/minus-editions.fr\/bonus\/nadege-et-salome\/#webpage\"},\"author\":{\"@id\":\"https:\/\/minus-editions.fr\/bonus\/#\/schema\/person\/59a08b2524a59cdaee00826eb5e7e07f\"},\"headline\":\"T\\u00c9MOIGNAGE : Nad\\u00e8ge et Salom\\u00e9\",\"datePublished\":\"2019-04-11T07:45:07+00:00\",\"dateModified\":\"2021-06-29T12:24:41+00:00\",\"mainEntityOfPage\":{\"@id\":\"https:\/\/minus-editions.fr\/bonus\/nadege-et-salome\/#webpage\"},\"wordCount\":163,\"publisher\":{\"@id\":\"https:\/\/minus-editions.fr\/bonus\/#organization\"},\"image\":{\"@id\":\"https:\/\/minus-editions.fr\/bonus\/nadege-et-salome\/#primaryimage\"},\"thumbnailUrl\":\"https:\/\/minus-editions.fr\/bonus\/wp-content\/uploads\/2019\/09\/1.jpg\",\"articleSection\":[\"ACTUS MINUS\",\"IDEES CADEAUX\"],\"inLanguage\":\"fr-FR\"},{\"@type\":\"Person\",\"@id\":\"https:\/\/minus-editions.fr\/bonus\/#\/schema\/person\/59a08b2524a59cdaee00826eb5e7e07f\",\"name\":\"Minus\"}]}<\/script>\n<!-- \/ Yoast SEO plugin. -->","_links":{"self":[{"href":"https:\/\/minus-editions.fr\/bonus\/wp-json\/wp\/v2\/posts\/6584"}],"collection":[{"href":"https:\/\/minus-editions.fr\/bonus\/wp-json\/wp\/v2\/posts"}],"about":[{"href":"https:\/\/minus-editions.fr\/bonus\/wp-json\/wp\/v2\/types\/post"}],"author":[{"embeddable":true,"href":"https:\/\/minus-editions.fr\/bonus\/wp-json\/wp\/v2\/users\/2"}],"replies":[{"embeddable":true,"href":"https:\/\/minus-editions.fr\/bonus\/wp-json\/wp\/v2\/comments?post=6584"}],"version-history":[{"count":9,"href":"https:\/\/minus-editions.fr\/bonus\/wp-json\/wp\/v2\/posts\/6584\/revisions"}],"predecessor-version":[{"id":7226,"href":"https:\/\/minus-editions.fr\/bonus\/wp-json\/wp\/v2\/posts\/6584\/revisions\/7226"}],"wp:featuredmedia":[{"embeddable":true,"href":"https:\/\/minus-editions.fr\/bonus\/wp-json\/wp\/v2\/media\/6585"}],"wp:attachment":[{"href":"https:\/\/minus-editions.fr\/bonus\/wp-json\/wp\/v2\/media?parent=6584"}],"wp:term":[{"taxonomy":"category","embeddable":true,"href":"https:\/\/minus-editions.fr\/bonus\/wp-json\/wp\/v2\/categories?post=6584"}],"curies":[{"name":"wp","href":"https:\/\/api.w.org\/{rel}","templated":true}]}}